{"id":439,"date":"2021-06-17T19:49:02","date_gmt":"2021-06-17T16:49:02","guid":{"rendered":"https:\/\/blackandwhitetheatre.fi\/?p=439"},"modified":"2021-06-17T19:50:11","modified_gmt":"2021-06-17T16:50:11","slug":"17-%c2%bd-black-white-theatre-festival-jarjestetaan-imatralla-28-31-7-202-katuteatteritapahtumana","status":"publish","type":"post","link":"https:\/\/blackandwhitetheatre.fi\/en\/17-%c2%bd-black-white-theatre-festival-jarjestetaan-imatralla-28-31-7-202-katuteatteritapahtumana\/","title":{"rendered":"17 \u00bd Black &#038; White Theatre Festival j\u00e4rjestet\u00e4\u00e4n Imatralla 28.-31.7.202 katuteatteritapahtumana"},"content":{"rendered":"<p style=\"font-weight: 400;\"><strong>17 \u00bd Black &amp; White Theatre Festival j\u00e4rjestet\u00e4\u00e4n Imatralla 28.-31.7.202 katuteatteritapahtumana<\/strong><\/p>\n<p style=\"font-weight: 400;\">Vallitsevan koronatilanteen ja yh\u00e4 jatkuvien tiukkojen rajoitusten ja mahdollisten riskitekij\u00f6iden takia olemme p\u00e4\u00e4tt\u00e4neet, ett\u00e4 perinteinen Black &amp; White Theatre Festival j\u00e4rjestet\u00e4\u00e4n t\u00e4n\u00e4 vuonna katuteatteritapahtumana. Sis\u00e4esitykset perutaan kokonaan.<\/p>\n<p style=\"font-weight: 400;\">Emme unohda yleis\u00f6\u00e4, vaan j\u00e4rjest\u00e4mme t\u00e4m\u00e4n kes\u00e4n nelip\u00e4iv\u00e4isen katuteatteritapahtuman Imatralla 28.7.-31.7.2021. Tapahtuman teemana on \u201dKoronan aikainen teatteri\u201d. Katutapahtumaa vietet\u00e4\u00e4n kotimaisten ja kansainv\u00e4listen huipputaiteilijoiden parissa. Festivaalin taiteellinen johtaja Kamran Shahmardan kokoaa Imatralle j\u00e4lleen monipuolisen ohjelmiston. Luvassa on draamaa, klovneriaa, sirkusta ja eri tyylilajien musiikkia.<\/p>\n<p style=\"font-weight: 400;\">&#8216;Teatteri on el\u00e4v\u00e4 organismi ja se tarvitsee el\u00e4miseen voimaa. Voimaa se vastaanottaa katsojilta, saaden yleis\u00f6lt\u00e4 huomiota, tunteita ja erilaisia pohdiskeluja.<\/p>\n<p style=\"font-weight: 400;\">Teatteri ilman katsojia on kuin orpo tai hyl\u00e4tty talo ja mik\u00e4li me emme voi kutsua pandemian takia katsojia teatteriin, niin teatteri saapuu katsojien luo. Olemme my\u00f6s tehneet niin. Haluan my\u00f6s kertoa, ett\u00e4 teatteri on alunperin kotoisin kaupungin torilta ja aukiolta, joten tarvittaessa palaamme takaisin sinne tarjoamalla ihmisille iloa, rakkautta ja onnea. Koska monet katsojamme ovat jo kyll\u00e4styneet erist\u00e4ytymiseen, lupaan, ett\u00e4 t\u00e4n\u00e4 vuonna j\u00e4rjest\u00e4mme n\u00e4ytt\u00e4v\u00e4n shown.<\/p>\n<p style=\"font-weight: 400;\"><i><b>Kaikki esitykset ovat maksuttomia.<\/b><\/i><\/p>\n<p style=\"font-weight: 400;\">Perinteinen Black &amp; White Theatre Festival j\u00e4rjestet\u00e4\u00e4n seuraavan kerran kes\u00e4ll\u00e4 2022. Tarkat p\u00e4iv\u00e4m\u00e4\u00e4r\u00e4t ilmoitamme kes\u00e4n aikana.&nbsp;<\/p>\n<div dir=\"auto\">Toivomme terveytt\u00e4 ja hyv\u00e4\u00e4 kes\u00e4\u00e4 kaikille!<\/div>\n<p>Kamran Shahmardan&nbsp;<br \/>Taiteellinen johtaja&nbsp;<br \/>Mustan ja Valkoisen Teatteri<\/p>\n<h2 style=\"text-align: center;\">&nbsp;<\/h2>\n","protected":false},"excerpt":{"rendered":"<p>17 \u00bd Black &amp; White Theatre Festival j\u00e4rjestet\u00e4\u00e4n Imatralla 28.-31.7.202 katuteatteritapahtumana Vallitsevan koronatilanteen ja yh\u00e4 jatkuvien tiukkojen rajoitusten ja mahdollisten [&hellip;]<\/p>\n","protected":false},"author":2,"featured_media":0,"comment_status":"open","ping_status":"open","sticky":false,"template":"","format":"standard","meta":{"footnotes":""},"categories":[1],"tags":[],"class_list":["post-439","post","type-post","status-publish","format-standard","hentry","category-uutiset"],"_links":{"self":[{"href":"https:\/\/blackandwhitetheatre.fi\/en\/wp-json\/wp\/v2\/posts\/439","targetHints":{"allow":["GET"]}}],"collection":[{"href":"https:\/\/blackandwhitetheatre.fi\/en\/wp-json\/wp\/v2\/posts"}],"about":[{"href":"https:\/\/blackandwhitetheatre.fi\/en\/wp-json\/wp\/v2\/types\/post"}],"author":[{"embeddable":true,"href":"https:\/\/blackandwhitetheatre.fi\/en\/wp-json\/wp\/v2\/users\/2"}],"replies":[{"embeddable":true,"href":"https:\/\/blackandwhitetheatre.fi\/en\/wp-json\/wp\/v2\/comments?post=439"}],"version-history":[{"count":1,"href":"https:\/\/blackandwhitetheatre.fi\/en\/wp-json\/wp\/v2\/posts\/439\/revisions"}],"predecessor-version":[{"id":440,"href":"https:\/\/blackandwhitetheatre.fi\/en\/wp-json\/wp\/v2\/posts\/439\/revisions\/440"}],"wp:attachment":[{"href":"https:\/\/blackandwhitetheatre.fi\/en\/wp-json\/wp\/v2\/media?parent=439"}],"wp:term":[{"taxonomy":"category","embeddable":true,"href":"https:\/\/blackandwhitetheatre.fi\/en\/wp-json\/wp\/v2\/categories?post=439"},{"taxonomy":"post_tag","embeddable":true,"href":"https:\/\/blackandwhitetheatre.fi\/en\/wp-json\/wp\/v2\/tags?post=439"}],"curies":[{"name":"wp","href":"https:\/\/api.w.org\/{rel}","templated":true}]}}