{"id":564,"date":"2021-07-20T05:58:19","date_gmt":"2021-07-20T02:58:19","guid":{"rendered":"https:\/\/blackandwhitetheatre.fi\/?p=564"},"modified":"2022-05-26T00:41:52","modified_gmt":"2022-05-25T21:41:52","slug":"aili-ikonen-antti-kujanpaa-duo-29-7-2021-klo-20-30","status":"publish","type":"post","link":"https:\/\/blackandwhitetheatre.fi\/ru\/aili-ikonen-antti-kujanpaa-duo-29-7-2021-klo-20-30\/","title":{"rendered":"MENNYT Aili Ikonen &#038; Antti Kujanp\u00e4\u00e4"},"content":{"rendered":"<p>K\u00e4velykatu Koskenparras To 29.7 klo 20.30<\/p>\n<p>Suomen t\u00e4m\u00e4n hetken ykk\u00f6sjazzlaulajaksi tituleerattu <a href=\"http:\/\/www.ailiikonen.fi\/bio\/\"><strong>Aili Ikonen<\/strong><\/a> on monipuolinen laulaja ja lauluntekij\u00e4. H\u00e4nen kolmas sooloalbumi Suru ei oo suora viiva julkaistiin syksyll\u00e4 2020.<\/p>\n<p>Valovoimaisen artistin ura sis\u00e4lt\u00e4\u00e4 lukuisia albumeita, big band- produktioita, Ella Fitzgerald -tulkintoja ja jazziskelmi\u00e4kin. Maamme arvostetuimpiin esiintyjiin lukeutuva Ikonen on valloittanut kuulijoita ymp\u00e4ri maan herk\u00e4ll\u00e4 mutta vahvalla tulkinnallaan.<\/p>\n<p>Pianisti Antti Kujanp\u00e4\u00e4 (s. 1979) on 2000-luvun aikana noussut Suomessa arvostetuksi jazzpianistiksi, mik\u00e4 on pit\u00e4nyt miehen kiireisen\u00e4 musiikkirintamalla. Kujanp\u00e4\u00e4 tunnetaan erityisesti Young Nordic Jazz Comets- kilpailun Suomen karsinnan vuonna 2004 voittaneesta, pitk\u00e4ik\u00e4isest\u00e4 Kvalda -yhtyeest\u00e4.<\/p>\n<p>http:\/\/www.ailiikonen.fi\/bio\/<\/p>\n","protected":false},"excerpt":{"rendered":"<p>K\u00e4velykatu Koskenparras To 29.7 klo 20.30 Suomen t\u00e4m\u00e4n hetken ykk\u00f6sjazzlaulajaksi tituleerattu Aili Ikonen on monipuolinen laulaja ja lauluntekij\u00e4. H\u00e4nen kolmas [&hellip;]<\/p>\n","protected":false},"author":2,"featured_media":565,"comment_status":"open","ping_status":"open","sticky":false,"template":"","format":"standard","meta":{"footnotes":""},"categories":[1],"tags":[],"class_list":["post-564","post","type-post","status-publish","format-standard","has-post-thumbnail","hentry","category-uutiset"],"_links":{"self":[{"href":"https:\/\/blackandwhitetheatre.fi\/ru\/wp-json\/wp\/v2\/posts\/564","targetHints":{"allow":["GET"]}}],"collection":[{"href":"https:\/\/blackandwhitetheatre.fi\/ru\/wp-json\/wp\/v2\/posts"}],"about":[{"href":"https:\/\/blackandwhitetheatre.fi\/ru\/wp-json\/wp\/v2\/types\/post"}],"author":[{"embeddable":true,"href":"https:\/\/blackandwhitetheatre.fi\/ru\/wp-json\/wp\/v2\/users\/2"}],"replies":[{"embeddable":true,"href":"https:\/\/blackandwhitetheatre.fi\/ru\/wp-json\/wp\/v2\/comments?post=564"}],"version-history":[{"count":2,"href":"https:\/\/blackandwhitetheatre.fi\/ru\/wp-json\/wp\/v2\/posts\/564\/revisions"}],"predecessor-version":[{"id":728,"href":"https:\/\/blackandwhitetheatre.fi\/ru\/wp-json\/wp\/v2\/posts\/564\/revisions\/728"}],"wp:featuredmedia":[{"embeddable":true,"href":"https:\/\/blackandwhitetheatre.fi\/ru\/wp-json\/wp\/v2\/media\/565"}],"wp:attachment":[{"href":"https:\/\/blackandwhitetheatre.fi\/ru\/wp-json\/wp\/v2\/media?parent=564"}],"wp:term":[{"taxonomy":"category","embeddable":true,"href":"https:\/\/blackandwhitetheatre.fi\/ru\/wp-json\/wp\/v2\/categories?post=564"},{"taxonomy":"post_tag","embeddable":true,"href":"https:\/\/blackandwhitetheatre.fi\/ru\/wp-json\/wp\/v2\/tags?post=564"}],"curies":[{"name":"wp","href":"https:\/\/api.w.org\/{rel}","templated":true}]}}