{"id":79,"date":"2020-03-06T20:16:55","date_gmt":"2020-03-06T18:16:55","guid":{"rendered":"http:\/\/77.240.19.19\/~blackandwhitethe\/?p=79"},"modified":"2020-04-27T12:20:01","modified_gmt":"2020-04-27T09:20:01","slug":"tule-festivaalivapaehtoiseksi","status":"publish","type":"post","link":"https:\/\/blackandwhitetheatre.fi\/ru\/tule-festivaalivapaehtoiseksi\/","title":{"rendered":"TULE  VAPAAEHTOISEKSI"},"content":{"rendered":"<h3>Mustan ja Valkoisen Teatterifestivaali hakee talkoolaisia kes\u00e4n 2020 festivaalille:<\/h3>\n<h3>Tule avuksi markkinointiin, n\u00e4ytelmien lavasteiden pystytykseen, \u00e4\u00e4nentoistot\u00f6ihin, roudaukseen, j\u00e4rjestyksenvalvontaan, kuljetukseen, kahvilaan, keitti\u00f6\u00f6n, kokiksi, opastukseen, infoon, siivoukseen. Mustan ja Valkoisen Teatterifestivaalin talkoolaisena p\u00e4\u00e4set viiden p\u00e4iv\u00e4n ajan nauttimaan festivaalin esityksist\u00e4 ja festivaalin aikana sinun on mahdollista tutustua kansainv\u00e4lisiin vieraisiimme ja osallistua mukaviin yhteisiin illanviettoihimme.<\/h3>\n<h3>Jos pid\u00e4t &nbsp;haasteista ja osaat heitt\u00e4yty\u00e4 muuttuviin tilanteisiin sek\u00e4 erilaisiin ty\u00f6teht\u00e4viin, odotamme sinua joukoomme.<\/h3>\n<h3>Tule toteuttamaan meid\u00e4n kanssamme kansainv\u00e4list\u00e4 kulttuurin kes\u00e4tapahtumaa Imatralla!<\/h3>\n<div>\n<h3>L\u00e4het\u00e4 hakemus: mustanjavalkoisenteatteri(at)gmail.com<\/h3>\n<h3>Kerro hakemuksessasi seuraavat tiedot:<\/h3>\n<h3>\u2013 Nimi<br \/>\u2013 Yhteystiedot<br \/>\u2013 Ik\u00e4<br \/>\u2013 Erityisosaaminen (kielitaito, ajokortti, j\u00e4rjestysmieskortti, EA-kortti, hygieniapassi)<\/h3>\n<\/div>\n<hr>\n<p>Hello world<\/p>\n","protected":false},"excerpt":{"rendered":"<p>Mustan ja Valkoisen Teatterifestivaali hakee talkoolaisia kes\u00e4n 2020 festivaalille: Tule avuksi markkinointiin, n\u00e4ytelmien lavasteiden pystytykseen, \u00e4\u00e4nentoistot\u00f6ihin, roudaukseen, j\u00e4rjestyksenvalvontaan, kuljetukseen, kahvilaan, [&hellip;]<\/p>\n","protected":false},"author":2,"featured_media":0,"comment_status":"open","ping_status":"open","sticky":false,"template":"","format":"standard","meta":{"footnotes":""},"categories":[1],"tags":[],"class_list":["post-79","post","type-post","status-publish","format-standard","hentry","category-uutiset"],"_links":{"self":[{"href":"https:\/\/blackandwhitetheatre.fi\/ru\/wp-json\/wp\/v2\/posts\/79","targetHints":{"allow":["GET"]}}],"collection":[{"href":"https:\/\/blackandwhitetheatre.fi\/ru\/wp-json\/wp\/v2\/posts"}],"about":[{"href":"https:\/\/blackandwhitetheatre.fi\/ru\/wp-json\/wp\/v2\/types\/post"}],"author":[{"embeddable":true,"href":"https:\/\/blackandwhitetheatre.fi\/ru\/wp-json\/wp\/v2\/users\/2"}],"replies":[{"embeddable":true,"href":"https:\/\/blackandwhitetheatre.fi\/ru\/wp-json\/wp\/v2\/comments?post=79"}],"version-history":[{"count":4,"href":"https:\/\/blackandwhitetheatre.fi\/ru\/wp-json\/wp\/v2\/posts\/79\/revisions"}],"predecessor-version":[{"id":84,"href":"https:\/\/blackandwhitetheatre.fi\/ru\/wp-json\/wp\/v2\/posts\/79\/revisions\/84"}],"wp:attachment":[{"href":"https:\/\/blackandwhitetheatre.fi\/ru\/wp-json\/wp\/v2\/media?parent=79"}],"wp:term":[{"taxonomy":"category","embeddable":true,"href":"https:\/\/blackandwhitetheatre.fi\/ru\/wp-json\/wp\/v2\/categories?post=79"},{"taxonomy":"post_tag","embeddable":true,"href":"https:\/\/blackandwhitetheatre.fi\/ru\/wp-json\/wp\/v2\/tags?post=79"}],"curies":[{"name":"wp","href":"https:\/\/api.w.org\/{rel}","templated":true}]}}